{"id":508,"date":"2026-09-01T13:22:23","date_gmt":"2026-09-01T12:22:23","guid":{"rendered":"https:\/\/www.axesig.fr\/?p=508"},"modified":"2026-09-01T13:30:05","modified_gmt":"2026-09-01T12:30:05","slug":"axesig-demenage-decouvrez-nos-nouveaux-locaux-a-libourne-pour-la-rentree","status":"publish","type":"post","link":"https:\/\/www.axesig.fr\/index.php\/2026\/09\/01\/axesig-demenage-decouvrez-nos-nouveaux-locaux-a-libourne-pour-la-rentree\/","title":{"rendered":"\ud83d\ude80 AxeSIG d\u00e9m\u00e9nage : d\u00e9couvrez nos nouveaux locaux \u00e0 Libourne pour la rentr\u00e9e !"},"content":{"rendered":"\n<h3 class=\"wp-block-heading\">\ud83c\udfd7\ufe0f Dix mois de transformation<\/h3>\n\n\n\n<p class=\"wp-block-paragraph\">D\u00e9but\u00e9s en novembre 2025, les travaux de r\u00e9novation et d&rsquo;am\u00e9nagement se sont achev\u00e9s avec succ\u00e8s en ao\u00fbt 2026. Ces dix mois de chantier nous permettent aujourd&rsquo;hui d&rsquo;\u00e9voluer dans un environnement enti\u00e8rement repens\u00e9, moderne et dynamique.<\/p>\n\n\n<style>.kb-image508_53ce65-2f.kb-image-is-ratio-size, .kb-image508_53ce65-2f .kb-image-is-ratio-size{max-width:300px;width:100%;}.wp-block-kadence-column > .kt-inside-inner-col > .kb-image508_53ce65-2f.kb-image-is-ratio-size, .wp-block-kadence-column > .kt-inside-inner-col > .kb-image508_53ce65-2f .kb-image-is-ratio-size{align-self:unset;}.kb-image508_53ce65-2f figure{max-width:300px;}.kb-image508_53ce65-2f .image-is-svg, .kb-image508_53ce65-2f .image-is-svg img{width:100%;}.kb-image508_53ce65-2f .kb-image-has-overlay:after{opacity:0.3;}<\/style>\n<div class=\"wp-block-kadence-image kb-image508_53ce65-2f\"><figure class=\"aligncenter size-large\"><img loading=\"lazy\" decoding=\"async\" width=\"768\" height=\"1024\" src=\"http:\/\/www.axesig.fr\/wp-content\/uploads\/2026\/09\/20260901_135413-768x1024.jpg\" alt=\"\" class=\"kb-img wp-image-514\" srcset=\"https:\/\/www.axesig.fr\/wp-content\/uploads\/2026\/09\/20260901_135413-768x1024.jpg 768w, https:\/\/www.axesig.fr\/wp-content\/uploads\/2026\/09\/20260901_135413-225x300.jpg 225w, https:\/\/www.axesig.fr\/wp-content\/uploads\/2026\/09\/20260901_135413-1152x1536.jpg 1152w, https:\/\/www.axesig.fr\/wp-content\/uploads\/2026\/09\/20260901_135413-1536x2048.jpg 1536w, https:\/\/www.axesig.fr\/wp-content\/uploads\/2026\/09\/20260901_135413-scaled.jpg 1920w\" sizes=\"auto, (max-width: 768px) 100vw, 768px\" \/><\/figure><\/div>\n\n\n\n<p class=\"wp-block-paragraph\">Ces nouveaux espaces ont \u00e9t\u00e9 con\u00e7us pour :<\/p>\n\n\n\n<ul class=\"wp-block-list\">\n<li>\ud83e\udd1d <strong>Am\u00e9liorer l&rsquo;accueil<\/strong> de nos clients et partenaires.<\/li>\n\n\n\n<li>\ud83d\udca1 <strong>Favoriser la collaboration<\/strong> et le confort de travail de nos \u00e9quipes.<\/li>\n\n\n\n<li>\ud83d\udcc8 <strong>Accompagner la croissance<\/strong> continue d&rsquo;AxeSIG.<\/li>\n<\/ul>\n\n\n\n<h3 class=\"wp-block-heading\">\ud83d\udccd Notre nouvelle adresse<\/h3>\n\n\n\n<p class=\"wp-block-paragraph\">Prenez note de nos coordonn\u00e9es pour vos prochains rendez-vous :<\/p>\n\n\n\n<p class=\"wp-block-paragraph\">\ud83c\udfe2 <strong>AxeSIG<\/strong><br>\ud83d\udccd <strong>104 Rue du Pr\u00e9sident Doumer &#8211; 33500 LIBOURNE<\/strong><br>\ud83d\udcde <em>Nos num\u00e9ros de t\u00e9l\u00e9phone et adresses e-mail restent inchang\u00e9s.<\/em><\/p>\n\n\n<style>.kb-image508_9ee236-8e .kb-image-has-overlay:after{opacity:0.3;}<\/style>\n<figure class=\"wp-block-kadence-image kb-image508_9ee236-8e size-full\"><img loading=\"lazy\" decoding=\"async\" width=\"1024\" height=\"768\" src=\"http:\/\/www.axesig.fr\/wp-content\/uploads\/2026\/09\/PHOTO_AVT_APRES.jpg\" alt=\"Bureau avant apr\u00e8s les travaux\" class=\"kb-img wp-image-517\" srcset=\"https:\/\/www.axesig.fr\/wp-content\/uploads\/2026\/09\/PHOTO_AVT_APRES.jpg 1024w, https:\/\/www.axesig.fr\/wp-content\/uploads\/2026\/09\/PHOTO_AVT_APRES-300x225.jpg 300w, https:\/\/www.axesig.fr\/wp-content\/uploads\/2026\/09\/PHOTO_AVT_APRES-768x576.jpg 768w\" sizes=\"auto, (max-width: 1024px) 100vw, 1024px\" \/><\/figure>\n\n\n\n<p class=\"wp-block-paragraph\">Toute l&rsquo;\u00e9quipe d&rsquo;AxeSIG est d\u00e9sormais bien install\u00e9e et pr\u00eate \u00e0 vous accompagner dans vos projets pour cette nouvelle ann\u00e9e.<\/p>\n\n\n\n<p class=\"wp-block-paragraph\">Au plaisir de vous recevoir tr\u00e8s bient\u00f4t autour d&rsquo;un caf\u00e9 dans nos nouveaux locaux ! \u2615\u2728<\/p>\n\n\n\n<p class=\"wp-block-paragraph\"><\/p>\n","protected":false},"excerpt":{"rendered":"<p>\ud83c\udfd7\ufe0f Dix mois de transformation D\u00e9but\u00e9s en novembre 2025, les travaux de r\u00e9novation et d&rsquo;am\u00e9nagement se sont achev\u00e9s avec succ\u00e8s en ao\u00fbt 2026. Ces dix mois de chantier nous permettent aujourd&rsquo;hui d&rsquo;\u00e9voluer dans un environnement enti\u00e8rement repens\u00e9, moderne et dynamique. Ces nouveaux espaces ont \u00e9t\u00e9 con\u00e7us pour : \ud83d\udccd Notre nouvelle adresse Prenez note de&#8230;<\/p>\n","protected":false},"author":1,"featured_media":193,"comment_status":"closed","ping_status":"open","sticky":false,"template":"","format":"standard","meta":{"_themeisle_gutenberg_block_has_review":false,"_kad_post_transparent":"","_kad_post_title":"","_kad_post_layout":"","_kad_post_sidebar_id":"","_kad_post_content_style":"","_kad_post_vertical_padding":"","_kad_post_feature":"","_kad_post_feature_position":"","_kad_post_header":false,"_kad_post_footer":false,"_kad_post_classname":"","footnotes":""},"categories":[10],"tags":[],"class_list":["post-508","post","type-post","status-publish","format-standard","has-post-thumbnail","hentry","category-actualites"],"_links":{"self":[{"href":"https:\/\/www.axesig.fr\/index.php\/wp-json\/wp\/v2\/posts\/508","targetHints":{"allow":["GET"]}}],"collection":[{"href":"https:\/\/www.axesig.fr\/index.php\/wp-json\/wp\/v2\/posts"}],"about":[{"href":"https:\/\/www.axesig.fr\/index.php\/wp-json\/wp\/v2\/types\/post"}],"author":[{"embeddable":true,"href":"https:\/\/www.axesig.fr\/index.php\/wp-json\/wp\/v2\/users\/1"}],"replies":[{"embeddable":true,"href":"https:\/\/www.axesig.fr\/index.php\/wp-json\/wp\/v2\/comments?post=508"}],"version-history":[{"count":3,"href":"https:\/\/www.axesig.fr\/index.php\/wp-json\/wp\/v2\/posts\/508\/revisions"}],"predecessor-version":[{"id":518,"href":"https:\/\/www.axesig.fr\/index.php\/wp-json\/wp\/v2\/posts\/508\/revisions\/518"}],"wp:featuredmedia":[{"embeddable":true,"href":"https:\/\/www.axesig.fr\/index.php\/wp-json\/wp\/v2\/media\/193"}],"wp:attachment":[{"href":"https:\/\/www.axesig.fr\/index.php\/wp-json\/wp\/v2\/media?parent=508"}],"wp:term":[{"taxonomy":"category","embeddable":true,"href":"https:\/\/www.axesig.fr\/index.php\/wp-json\/wp\/v2\/categories?post=508"},{"taxonomy":"post_tag","embeddable":true,"href":"https:\/\/www.axesig.fr\/index.php\/wp-json\/wp\/v2\/tags?post=508"}],"curies":[{"name":"wp","href":"https:\/\/api.w.org\/{rel}","templated":true}]}}